{"id":1897,"date":"2026-09-02T20:37:49","date_gmt":"2026-09-02T23:37:49","guid":{"rendered":"https:\/\/morrison.gob.ar\/?p=1897"},"modified":"2026-09-02T20:37:49","modified_gmt":"2026-09-02T23:37:49","slug":"la-primavera-se-vive-en-morrison","status":"publish","type":"post","link":"https:\/\/morrison.gob.ar\/index.php\/2026\/09\/02\/la-primavera-se-vive-en-morrison\/","title":{"rendered":"La primavera se vive en Morrison"},"content":{"rendered":"\n<p><strong>l pr\u00f3ximo domingo 13 de septiembre, desde las 15:30 horas, el Parque Cristo de la Hermandad ser\u00e1 escenario de una tarde especial para recibir la primavera en comunidad.<\/strong><\/p>\n\n\n\n<p>La Municipalidad de Morrison, junto al Club de Emprendedores, invita a toda la comunidad a disfrutar de una propuesta pensada para compartir, encontrarse y celebrar al aire libre.<\/p>\n\n\n\n<p>Durante la jornada se realizar\u00e1 una <strong>Feria de Emprendedores<\/strong>, donde vecinos y visitantes podr\u00e1n recorrer los distintos puestos, conocer productos y acompa\u00f1ar el trabajo de quienes llevan adelante sus propios emprendimientos.<\/p>\n\n\n\n<p>La propuesta tambi\u00e9n contar\u00e1 con un atractivo especial: <strong>show en vivo de Christian Pereyra \u201cEl Loco\u201d<\/strong>, quien ser\u00e1 el encargado de ponerle m\u00fasica y energ\u00eda a una tarde pensada para disfrutar en familia.<\/p>\n\n\n\n<p>\ud83c\udf38 <strong>Feria de Emprendedores<\/strong><br>\ud83c\udfa4 <strong>Show en vivo de Christian Pereyra \u201cEl Loco\u201d<\/strong><br>\ud83c\udf3f <strong>Espacio al aire libre<\/strong><br>\ud83d\udc68\u200d\ud83d\udc69\u200d\ud83d\udc67\u200d\ud83d\udc66 <strong>Actividades y propuestas para disfrutar en familia<\/strong><\/p>\n\n\n\n<p>La invitaci\u00f3n es para acercarse al <strong>Parque Cristo de la Hermandad<\/strong>, recorrer la feria, descubrir nuevas propuestas, acompa\u00f1ar a nuestros emprendedores y compartir una tarde diferente.<\/p>\n\n\n\n<p>Porque la primavera tambi\u00e9n es eso: <strong>salir, encontrarnos y disfrutar juntos.<\/strong> \ud83d\udc9a<\/p>\n\n\n\n<h3 class=\"wp-block-heading\">\ud83d\udcc5 Domingo 13 de septiembre<\/h3>\n\n\n\n<h3 class=\"wp-block-heading\">\u23f0 Desde las 15:30 hs.<\/h3>\n\n\n\n<h3 class=\"wp-block-heading\">\ud83d\udccd Parque Cristo de la Hermandad \u2013 Morrison<\/h3>\n\n\n\n<p><strong>\u00a1Te esperamos para darle la bienvenida a la primavera en Morrison! \ud83c\udf37<\/strong><\/p>\n\n\n<div class=\"wp-block-image\">\n<figure class=\"aligncenter size-large is-resized\"><img loading=\"lazy\" decoding=\"async\" width=\"764\" height=\"1024\" src=\"https:\/\/morrison.gob.ar\/wp-content\/uploads\/2026\/09\/PRIMAVERA-MORRISON-764x1024.jpg\" alt=\"\" class=\"wp-image-1899\" style=\"width:600px\" srcset=\"https:\/\/morrison.gob.ar\/wp-content\/uploads\/2026\/09\/PRIMAVERA-MORRISON-764x1024.jpg 764w, https:\/\/morrison.gob.ar\/wp-content\/uploads\/2026\/09\/PRIMAVERA-MORRISON-224x300.jpg 224w, https:\/\/morrison.gob.ar\/wp-content\/uploads\/2026\/09\/PRIMAVERA-MORRISON-768x1030.jpg 768w, https:\/\/morrison.gob.ar\/wp-content\/uploads\/2026\/09\/PRIMAVERA-MORRISON.jpg 1083w\" sizes=\"(max-width: 764px) 100vw, 764px\" \/><\/figure><\/div>","protected":false},"excerpt":{"rendered":"<p>l pr\u00f3ximo domingo 13 de septiembre, desde las 15:30 horas, el Parque Cristo de la Hermandad ser\u00e1 escenario de una tarde especial para recibir la primavera en comunidad. La Municipalidad de Morrison, junto al Club de Emprendedores, invita a toda la comunidad a disfrutar de una propuesta pensada para compartir, encontrarse y celebrar al aire&#8230;<\/p>\n","protected":false},"author":3,"featured_media":1898,"comment_status":"closed","ping_status":"closed","sticky":false,"template":"","format":"standard","meta":{"footnotes":""},"categories":[1],"tags":[],"class_list":["post-1897","post","type-post","status-publish","format-standard","has-post-thumbnail","hentry","category-noticias"],"aioseo_notices":[],"aioseo_head":"\n\t\t<!-- All in One SEO 5.0.0.1 - aioseo.com -->\n\t<meta name=\"description\" content=\"l pr\u00f3ximo domingo 13 de septiembre, desde las 15:30 horas, el Parque Cristo de la Hermandad ser\u00e1 escenario de una tarde especial para recibir la primavera en comunidad. La Municipalidad de Morrison, junto al Club de Emprendedores, invita a toda la comunidad a disfrutar de una propuesta pensada para compartir, encontrarse y celebrar al aire\" \/>\n\t<meta name=\"robots\" content=\"max-image-preview:large\" \/>\n\t<meta name=\"author\" content=\"Municipalidad de Morrison\"\/>\n\t<link rel=\"canonical\" href=\"https:\/\/morrison.gob.ar\/index.php\/2026\/09\/02\/la-primavera-se-vive-en-morrison\/\" \/>\n\t<meta name=\"generator\" content=\"All in One SEO (AIOSEO) 5.0.0.1\" \/>\n\t\t<meta property=\"og:locale\" content=\"es_ES\" \/>\n\t\t<meta property=\"og:site_name\" content=\"Municipalidad de Morrison - Municipalidad de Morrison - Departamento Union - C\u00f3rdoba\" \/>\n\t\t<meta property=\"og:type\" content=\"article\" \/>\n\t\t<meta property=\"og:title\" content=\"La primavera se vive en Morrison - Municipalidad de Morrison\" \/>\n\t\t<meta property=\"og:description\" content=\"l pr\u00f3ximo domingo 13 de septiembre, desde las 15:30 horas, el Parque Cristo de la Hermandad ser\u00e1 escenario de una tarde especial para recibir la primavera en comunidad. La Municipalidad de Morrison, junto al Club de Emprendedores, invita a toda la comunidad a disfrutar de una propuesta pensada para compartir, encontrarse y celebrar al aire\" \/>\n\t\t<meta property=\"og:url\" content=\"https:\/\/morrison.gob.ar\/index.php\/2026\/09\/02\/la-primavera-se-vive-en-morrison\/\" \/>\n\t\t<meta property=\"og:image\" content=\"https:\/\/morrison.gob.ar\/wp-content\/uploads\/2023\/12\/logo-cabecera.png\" \/>\n\t\t<meta property=\"og:image:secure_url\" content=\"https:\/\/morrison.gob.ar\/wp-content\/uploads\/2023\/12\/logo-cabecera.png\" \/>\n\t\t<meta property=\"article:published_time\" content=\"2026-09-02T23:37:49+00:00\" \/>\n\t\t<meta property=\"article:modified_time\" content=\"2026-09-02T23:37:49+00:00\" \/>\n\t\t<meta name=\"twitter:card\" content=\"summary_large_image\" \/>\n\t\t<meta name=\"twitter:title\" content=\"La primavera se vive en Morrison - Municipalidad de Morrison\" \/>\n\t\t<meta name=\"twitter:description\" content=\"l pr\u00f3ximo domingo 13 de septiembre, desde las 15:30 horas, el Parque Cristo de la Hermandad ser\u00e1 escenario de una tarde especial para recibir la primavera en comunidad. La Municipalidad de Morrison, junto al Club de Emprendedores, invita a toda la comunidad a disfrutar de una propuesta pensada para compartir, encontrarse y celebrar al aire\" \/>\n\t\t<meta name=\"twitter:image\" content=\"https:\/\/morrison.gob.ar\/wp-content\/uploads\/2023\/12\/logo-cabecera.png\" \/>\n\t\t<script type=\"application\/ld+json\" class=\"aioseo-schema\">\n\t\t\t{\"@context\":\"https:\\\/\\\/schema.org\",\"@graph\":[{\"@type\":\"BlogPosting\",\"@id\":\"https:\\\/\\\/morrison.gob.ar\\\/index.php\\\/2026\\\/09\\\/02\\\/la-primavera-se-vive-en-morrison\\\/#blogposting\",\"name\":\"La primavera se vive en Morrison - Municipalidad de Morrison\",\"headline\":\"La primavera se vive en Morrison\",\"author\":{\"@id\":\"https:\\\/\\\/morrison.gob.ar\\\/index.php\\\/author\\\/municipalidad\\\/#author\"},\"publisher\":{\"@id\":\"https:\\\/\\\/morrison.gob.ar\\\/#organization\"},\"image\":{\"@type\":\"ImageObject\",\"url\":\"https:\\\/\\\/morrison.gob.ar\\\/wp-content\\\/uploads\\\/2026\\\/09\\\/PRIMAVERA-MORRISON-HOR.png\",\"width\":1691,\"height\":930},\"datePublished\":\"2026-09-02T20:37:49-03:00\",\"dateModified\":\"2026-09-02T20:37:49-03:00\",\"inLanguage\":\"es-ES\",\"mainEntityOfPage\":{\"@id\":\"https:\\\/\\\/morrison.gob.ar\\\/index.php\\\/2026\\\/09\\\/02\\\/la-primavera-se-vive-en-morrison\\\/#webpage\"},\"isPartOf\":{\"@id\":\"https:\\\/\\\/morrison.gob.ar\\\/index.php\\\/2026\\\/09\\\/02\\\/la-primavera-se-vive-en-morrison\\\/#webpage\"},\"articleSection\":\"Noticias\"},{\"@type\":\"BreadcrumbList\",\"@id\":\"https:\\\/\\\/morrison.gob.ar\\\/index.php\\\/2026\\\/09\\\/02\\\/la-primavera-se-vive-en-morrison\\\/#breadcrumblist\",\"itemListElement\":[{\"@type\":\"ListItem\",\"@id\":\"https:\\\/\\\/morrison.gob.ar#listItem\",\"position\":1,\"name\":\"Home\",\"item\":\"https:\\\/\\\/morrison.gob.ar\",\"nextItem\":{\"@type\":\"ListItem\",\"@id\":\"https:\\\/\\\/morrison.gob.ar\\\/index.php\\\/category\\\/noticias\\\/#listItem\",\"name\":\"Noticias\"}},{\"@type\":\"ListItem\",\"@id\":\"https:\\\/\\\/morrison.gob.ar\\\/index.php\\\/category\\\/noticias\\\/#listItem\",\"position\":2,\"name\":\"Noticias\",\"item\":\"https:\\\/\\\/morrison.gob.ar\\\/index.php\\\/category\\\/noticias\\\/\",\"nextItem\":{\"@type\":\"ListItem\",\"@id\":\"https:\\\/\\\/morrison.gob.ar\\\/index.php\\\/2026\\\/09\\\/02\\\/la-primavera-se-vive-en-morrison\\\/#listItem\",\"name\":\"La primavera se vive en Morrison\"},\"previousItem\":{\"@type\":\"ListItem\",\"@id\":\"https:\\\/\\\/morrison.gob.ar#listItem\",\"name\":\"Home\"}},{\"@type\":\"ListItem\",\"@id\":\"https:\\\/\\\/morrison.gob.ar\\\/index.php\\\/2026\\\/09\\\/02\\\/la-primavera-se-vive-en-morrison\\\/#listItem\",\"position\":3,\"name\":\"La primavera se vive en Morrison\",\"previousItem\":{\"@type\":\"ListItem\",\"@id\":\"https:\\\/\\\/morrison.gob.ar\\\/index.php\\\/category\\\/noticias\\\/#listItem\",\"name\":\"Noticias\"}}]},{\"@type\":\"Organization\",\"@id\":\"https:\\\/\\\/morrison.gob.ar\\\/#organization\",\"name\":\"morrison.gob.ar\",\"description\":\"Municipalidad de Morrison - Departamento Union - C\\u00f3rdoba\",\"url\":\"https:\\\/\\\/morrison.gob.ar\\\/\",\"logo\":{\"@type\":\"ImageObject\",\"url\":\"https:\\\/\\\/morrison.gob.ar\\\/wp-content\\\/uploads\\\/2023\\\/12\\\/logo-cabecera.png\",\"@id\":\"https:\\\/\\\/morrison.gob.ar\\\/index.php\\\/2026\\\/09\\\/02\\\/la-primavera-se-vive-en-morrison\\\/#organizationLogo\",\"width\":520,\"height\":200,\"caption\":\"Municipalidad de Morrison\"},\"image\":{\"@id\":\"https:\\\/\\\/morrison.gob.ar\\\/index.php\\\/2026\\\/09\\\/02\\\/la-primavera-se-vive-en-morrison\\\/#organizationLogo\"}},{\"@type\":\"Person\",\"@id\":\"https:\\\/\\\/morrison.gob.ar\\\/index.php\\\/author\\\/municipalidad\\\/#author\",\"url\":\"https:\\\/\\\/morrison.gob.ar\\\/index.php\\\/author\\\/municipalidad\\\/\",\"name\":\"Municipalidad de Morrison\",\"image\":{\"@type\":\"ImageObject\",\"@id\":\"https:\\\/\\\/morrison.gob.ar\\\/index.php\\\/2026\\\/09\\\/02\\\/la-primavera-se-vive-en-morrison\\\/#authorImage\",\"url\":\"https:\\\/\\\/secure.gravatar.com\\\/avatar\\\/8adec8bb49f6a6dc2c80e3096b231bb5?s=96&d=mm&r=g\",\"width\":96,\"height\":96,\"caption\":\"Municipalidad de Morrison\"}},{\"@type\":\"WebPage\",\"@id\":\"https:\\\/\\\/morrison.gob.ar\\\/index.php\\\/2026\\\/09\\\/02\\\/la-primavera-se-vive-en-morrison\\\/#webpage\",\"url\":\"https:\\\/\\\/morrison.gob.ar\\\/index.php\\\/2026\\\/09\\\/02\\\/la-primavera-se-vive-en-morrison\\\/\",\"name\":\"La primavera se vive en Morrison - Municipalidad de Morrison\",\"description\":\"l pr\\u00f3ximo domingo 13 de septiembre, desde las 15:30 horas, el Parque Cristo de la Hermandad ser\\u00e1 escenario de una tarde especial para recibir la primavera en comunidad. La Municipalidad de Morrison, junto al Club de Emprendedores, invita a toda la comunidad a disfrutar de una propuesta pensada para compartir, encontrarse y celebrar al aire\",\"inLanguage\":\"es-ES\",\"isPartOf\":{\"@id\":\"https:\\\/\\\/morrison.gob.ar\\\/#website\"},\"breadcrumb\":{\"@id\":\"https:\\\/\\\/morrison.gob.ar\\\/index.php\\\/2026\\\/09\\\/02\\\/la-primavera-se-vive-en-morrison\\\/#breadcrumblist\"},\"author\":{\"@id\":\"https:\\\/\\\/morrison.gob.ar\\\/index.php\\\/author\\\/municipalidad\\\/#author\"},\"creator\":{\"@id\":\"https:\\\/\\\/morrison.gob.ar\\\/index.php\\\/author\\\/municipalidad\\\/#author\"},\"image\":{\"@type\":\"ImageObject\",\"url\":\"https:\\\/\\\/morrison.gob.ar\\\/wp-content\\\/uploads\\\/2026\\\/09\\\/PRIMAVERA-MORRISON-HOR.png\",\"@id\":\"https:\\\/\\\/morrison.gob.ar\\\/index.php\\\/2026\\\/09\\\/02\\\/la-primavera-se-vive-en-morrison\\\/#mainImage\",\"width\":1691,\"height\":930},\"primaryImageOfPage\":{\"@id\":\"https:\\\/\\\/morrison.gob.ar\\\/index.php\\\/2026\\\/09\\\/02\\\/la-primavera-se-vive-en-morrison\\\/#mainImage\"},\"datePublished\":\"2026-09-02T20:37:49-03:00\",\"dateModified\":\"2026-09-02T20:37:49-03:00\"},{\"@type\":\"WebSite\",\"@id\":\"https:\\\/\\\/morrison.gob.ar\\\/#website\",\"url\":\"https:\\\/\\\/morrison.gob.ar\\\/\",\"name\":\"morrison.gob.ar\",\"description\":\"Municipalidad de Morrison - Departamento Union - C\\u00f3rdoba\",\"inLanguage\":\"es-ES\",\"publisher\":{\"@id\":\"https:\\\/\\\/morrison.gob.ar\\\/#organization\"}}]}\n\t\t<\/script>\n\t\t<!-- All in One SEO -->\n\n","aioseo_head_json":{"title":"La primavera se vive en Morrison - Municipalidad de Morrison","description":"l pr\u00f3ximo domingo 13 de septiembre, desde las 15:30 horas, el Parque Cristo de la Hermandad ser\u00e1 escenario de una tarde especial para recibir la primavera en comunidad. La Municipalidad de Morrison, junto al Club de Emprendedores, invita a toda la comunidad a disfrutar de una propuesta pensada para compartir, encontrarse y celebrar al aire","canonical_url":"https:\/\/morrison.gob.ar\/index.php\/2026\/09\/02\/la-primavera-se-vive-en-morrison\/","robots":"max-image-preview:large","keywords":"","webmasterTools":{"miscellaneous":""},"schema":{"@context":"https:\/\/schema.org","@graph":[{"@type":"BlogPosting","@id":"https:\/\/morrison.gob.ar\/index.php\/2026\/09\/02\/la-primavera-se-vive-en-morrison\/#blogposting","name":"La primavera se vive en Morrison - Municipalidad de Morrison","headline":"La primavera se vive en Morrison","author":{"@id":"https:\/\/morrison.gob.ar\/index.php\/author\/municipalidad\/#author"},"publisher":{"@id":"https:\/\/morrison.gob.ar\/#organization"},"image":{"@type":"ImageObject","url":"https:\/\/morrison.gob.ar\/wp-content\/uploads\/2026\/09\/PRIMAVERA-MORRISON-HOR.png","width":1691,"height":930},"datePublished":"2026-09-02T20:37:49-03:00","dateModified":"2026-09-02T20:37:49-03:00","inLanguage":"es-ES","mainEntityOfPage":{"@id":"https:\/\/morrison.gob.ar\/index.php\/2026\/09\/02\/la-primavera-se-vive-en-morrison\/#webpage"},"isPartOf":{"@id":"https:\/\/morrison.gob.ar\/index.php\/2026\/09\/02\/la-primavera-se-vive-en-morrison\/#webpage"},"articleSection":"Noticias"},{"@type":"BreadcrumbList","@id":"https:\/\/morrison.gob.ar\/index.php\/2026\/09\/02\/la-primavera-se-vive-en-morrison\/#breadcrumblist","itemListElement":[{"@type":"ListItem","@id":"https:\/\/morrison.gob.ar#listItem","position":1,"name":"Home","item":"https:\/\/morrison.gob.ar","nextItem":{"@type":"ListItem","@id":"https:\/\/morrison.gob.ar\/index.php\/category\/noticias\/#listItem","name":"Noticias"}},{"@type":"ListItem","@id":"https:\/\/morrison.gob.ar\/index.php\/category\/noticias\/#listItem","position":2,"name":"Noticias","item":"https:\/\/morrison.gob.ar\/index.php\/category\/noticias\/","nextItem":{"@type":"ListItem","@id":"https:\/\/morrison.gob.ar\/index.php\/2026\/09\/02\/la-primavera-se-vive-en-morrison\/#listItem","name":"La primavera se vive en Morrison"},"previousItem":{"@type":"ListItem","@id":"https:\/\/morrison.gob.ar#listItem","name":"Home"}},{"@type":"ListItem","@id":"https:\/\/morrison.gob.ar\/index.php\/2026\/09\/02\/la-primavera-se-vive-en-morrison\/#listItem","position":3,"name":"La primavera se vive en Morrison","previousItem":{"@type":"ListItem","@id":"https:\/\/morrison.gob.ar\/index.php\/category\/noticias\/#listItem","name":"Noticias"}}]},{"@type":"Organization","@id":"https:\/\/morrison.gob.ar\/#organization","name":"morrison.gob.ar","description":"Municipalidad de Morrison - Departamento Union - C\u00f3rdoba","url":"https:\/\/morrison.gob.ar\/","logo":{"@type":"ImageObject","url":"https:\/\/morrison.gob.ar\/wp-content\/uploads\/2023\/12\/logo-cabecera.png","@id":"https:\/\/morrison.gob.ar\/index.php\/2026\/09\/02\/la-primavera-se-vive-en-morrison\/#organizationLogo","width":520,"height":200,"caption":"Municipalidad de Morrison"},"image":{"@id":"https:\/\/morrison.gob.ar\/index.php\/2026\/09\/02\/la-primavera-se-vive-en-morrison\/#organizationLogo"}},{"@type":"Person","@id":"https:\/\/morrison.gob.ar\/index.php\/author\/municipalidad\/#author","url":"https:\/\/morrison.gob.ar\/index.php\/author\/municipalidad\/","name":"Municipalidad de Morrison","image":{"@type":"ImageObject","@id":"https:\/\/morrison.gob.ar\/index.php\/2026\/09\/02\/la-primavera-se-vive-en-morrison\/#authorImage","url":"https:\/\/secure.gravatar.com\/avatar\/8adec8bb49f6a6dc2c80e3096b231bb5?s=96&d=mm&r=g","width":96,"height":96,"caption":"Municipalidad de Morrison"}},{"@type":"WebPage","@id":"https:\/\/morrison.gob.ar\/index.php\/2026\/09\/02\/la-primavera-se-vive-en-morrison\/#webpage","url":"https:\/\/morrison.gob.ar\/index.php\/2026\/09\/02\/la-primavera-se-vive-en-morrison\/","name":"La primavera se vive en Morrison - Municipalidad de Morrison","description":"l pr\u00f3ximo domingo 13 de septiembre, desde las 15:30 horas, el Parque Cristo de la Hermandad ser\u00e1 escenario de una tarde especial para recibir la primavera en comunidad. La Municipalidad de Morrison, junto al Club de Emprendedores, invita a toda la comunidad a disfrutar de una propuesta pensada para compartir, encontrarse y celebrar al aire","inLanguage":"es-ES","isPartOf":{"@id":"https:\/\/morrison.gob.ar\/#website"},"breadcrumb":{"@id":"https:\/\/morrison.gob.ar\/index.php\/2026\/09\/02\/la-primavera-se-vive-en-morrison\/#breadcrumblist"},"author":{"@id":"https:\/\/morrison.gob.ar\/index.php\/author\/municipalidad\/#author"},"creator":{"@id":"https:\/\/morrison.gob.ar\/index.php\/author\/municipalidad\/#author"},"image":{"@type":"ImageObject","url":"https:\/\/morrison.gob.ar\/wp-content\/uploads\/2026\/09\/PRIMAVERA-MORRISON-HOR.png","@id":"https:\/\/morrison.gob.ar\/index.php\/2026\/09\/02\/la-primavera-se-vive-en-morrison\/#mainImage","width":1691,"height":930},"primaryImageOfPage":{"@id":"https:\/\/morrison.gob.ar\/index.php\/2026\/09\/02\/la-primavera-se-vive-en-morrison\/#mainImage"},"datePublished":"2026-09-02T20:37:49-03:00","dateModified":"2026-09-02T20:37:49-03:00"},{"@type":"WebSite","@id":"https:\/\/morrison.gob.ar\/#website","url":"https:\/\/morrison.gob.ar\/","name":"morrison.gob.ar","description":"Municipalidad de Morrison - Departamento Union - C\u00f3rdoba","inLanguage":"es-ES","publisher":{"@id":"https:\/\/morrison.gob.ar\/#organization"}}]},"og:locale":"es_ES","og:site_name":"Municipalidad de Morrison - Municipalidad de Morrison - Departamento Union - C\u00f3rdoba","og:type":"article","og:title":"La primavera se vive en Morrison - Municipalidad de Morrison","og:description":"l pr\u00f3ximo domingo 13 de septiembre, desde las 15:30 horas, el Parque Cristo de la Hermandad ser\u00e1 escenario de una tarde especial para recibir la primavera en comunidad. La Municipalidad de Morrison, junto al Club de Emprendedores, invita a toda la comunidad a disfrutar de una propuesta pensada para compartir, encontrarse y celebrar al aire","og:url":"https:\/\/morrison.gob.ar\/index.php\/2026\/09\/02\/la-primavera-se-vive-en-morrison\/","og:image":"https:\/\/morrison.gob.ar\/wp-content\/uploads\/2023\/12\/logo-cabecera.png","og:image:secure_url":"https:\/\/morrison.gob.ar\/wp-content\/uploads\/2023\/12\/logo-cabecera.png","article:published_time":"2026-09-02T23:37:49+00:00","article:modified_time":"2026-09-02T23:37:49+00:00","twitter:card":"summary_large_image","twitter:title":"La primavera se vive en Morrison - Municipalidad de Morrison","twitter:description":"l pr\u00f3ximo domingo 13 de septiembre, desde las 15:30 horas, el Parque Cristo de la Hermandad ser\u00e1 escenario de una tarde especial para recibir la primavera en comunidad. La Municipalidad de Morrison, junto al Club de Emprendedores, invita a toda la comunidad a disfrutar de una propuesta pensada para compartir, encontrarse y celebrar al aire","twitter:image":"https:\/\/morrison.gob.ar\/wp-content\/uploads\/2023\/12\/logo-cabecera.png"},"aioseo_meta_data":{"post_id":"1897","title":null,"description":null,"keywords":null,"keyphrases":{"focus":{"keyphrase":"","score":0,"analysis":{"keyphraseInTitle":{"score":0,"maxScore":9,"error":1}}},"additional":[]},"primary_term":null,"canonical_url":null,"og_title":null,"og_description":null,"og_object_type":"default","og_image_type":"default","og_image_url":null,"og_image_width":null,"og_image_height":null,"og_image_custom_url":null,"og_image_custom_fields":null,"og_video":"","og_custom_url":null,"og_article_section":null,"og_article_tags":null,"twitter_use_og":false,"twitter_card":"default","twitter_image_type":"default","twitter_image_url":null,"twitter_image_custom_url":null,"twitter_image_custom_fields":null,"twitter_title":null,"twitter_description":null,"schema":{"blockGraphs":[],"customGraphs":[],"default":{"data":{"Article":[],"Course":[],"Dataset":[],"FAQPage":[],"Movie":[],"Person":[],"Product":[],"ProductReview":[],"Car":[],"Recipe":[],"Service":[],"SoftwareApplication":[],"WebPage":[]},"graphName":"BlogPosting","isEnabled":true},"graphs":[]},"schema_type":"default","schema_type_options":null,"pillar_content":false,"robots_default":true,"robots_noindex":false,"robots_noarchive":false,"robots_nosnippet":false,"robots_nofollow":false,"robots_noimageindex":false,"robots_noodp":false,"robots_notranslate":false,"robots_max_snippet":"-1","robots_max_videopreview":"-1","robots_max_imagepreview":"large","priority":null,"frequency":"default","local_seo":null,"breadcrumb_settings":null,"limit_modified_date":false,"ai":{"faqs":[],"keyPoints":[],"schemas":[],"titles":[],"descriptions":[],"socialPosts":{"email":{"subject":"","preview":"","content":""},"linkedin":[],"twitter":[],"facebook":[],"instagram":[]}},"created":"2026-09-02 23:37:49","updated":"2026-09-03 02:55:47","seo_analyzer_scan_date":null,"focus_keyword":null,"additional_keywords":null,"truseo_locale":null},"aioseo_breadcrumb":"<div class=\"aioseo-breadcrumbs\"><span class=\"aioseo-breadcrumb\">\n\t\t\t<a href=\"https:\/\/morrison.gob.ar\" title=\"Home\">Home<\/a>\n\t\t<\/span><span class=\"aioseo-breadcrumb-separator\">&raquo;<\/span><span class=\"aioseo-breadcrumb\">\n\t\t\t<a href=\"https:\/\/morrison.gob.ar\/index.php\/category\/noticias\/\" title=\"Noticias\">Noticias<\/a>\n\t\t<\/span><span class=\"aioseo-breadcrumb-separator\">&raquo;<\/span><span class=\"aioseo-breadcrumb\">\n\t\t\tLa primavera se vive en Morrison\n\t\t<\/span><\/div>","aioseo_breadcrumb_json":[{"label":"Home","link":"https:\/\/morrison.gob.ar"},{"label":"Noticias","link":"https:\/\/morrison.gob.ar\/index.php\/category\/noticias\/"},{"label":"La primavera se vive en Morrison","link":"https:\/\/morrison.gob.ar\/index.php\/2026\/09\/02\/la-primavera-se-vive-en-morrison\/"}],"_links":{"self":[{"href":"https:\/\/morrison.gob.ar\/index.php\/wp-json\/wp\/v2\/posts\/1897"}],"collection":[{"href":"https:\/\/morrison.gob.ar\/index.php\/wp-json\/wp\/v2\/posts"}],"about":[{"href":"https:\/\/morrison.gob.ar\/index.php\/wp-json\/wp\/v2\/types\/post"}],"author":[{"embeddable":true,"href":"https:\/\/morrison.gob.ar\/index.php\/wp-json\/wp\/v2\/users\/3"}],"replies":[{"embeddable":true,"href":"https:\/\/morrison.gob.ar\/index.php\/wp-json\/wp\/v2\/comments?post=1897"}],"version-history":[{"count":1,"href":"https:\/\/morrison.gob.ar\/index.php\/wp-json\/wp\/v2\/posts\/1897\/revisions"}],"predecessor-version":[{"id":1900,"href":"https:\/\/morrison.gob.ar\/index.php\/wp-json\/wp\/v2\/posts\/1897\/revisions\/1900"}],"wp:featuredmedia":[{"embeddable":true,"href":"https:\/\/morrison.gob.ar\/index.php\/wp-json\/wp\/v2\/media\/1898"}],"wp:attachment":[{"href":"https:\/\/morrison.gob.ar\/index.php\/wp-json\/wp\/v2\/media?parent=1897"}],"wp:term":[{"taxonomy":"category","embeddable":true,"href":"https:\/\/morrison.gob.ar\/index.php\/wp-json\/wp\/v2\/categories?post=1897"},{"taxonomy":"post_tag","embeddable":true,"href":"https:\/\/morrison.gob.ar\/index.php\/wp-json\/wp\/v2\/tags?post=1897"}],"curies":[{"name":"wp","href":"https:\/\/api.w.org\/{rel}","templated":true}]}}