{"id":1883,"date":"2026-08-31T18:33:27","date_gmt":"2026-08-31T21:33:27","guid":{"rendered":"https:\/\/morrison.gob.ar\/?p=1883"},"modified":"2026-08-31T18:33:27","modified_gmt":"2026-08-31T21:33:27","slug":"nuestra-bandera-parte-de-la-identidad-de-morrison-y-de-cordoba","status":"publish","type":"post","link":"https:\/\/morrison.gob.ar\/index.php\/2026\/08\/31\/nuestra-bandera-parte-de-la-identidad-de-morrison-y-de-cordoba\/","title":{"rendered":"Nuestra Bandera, parte de la identidad de Morrison y de C\u00f3rdoba"},"content":{"rendered":"\n<p>El intendente de Morrison, <strong>Gustavo Reitano<\/strong>, junto a la presidenta del Honorable Concejo Deliberante, <strong>Rosita Gottardi<\/strong>, participaron de la inauguraci\u00f3n de la muestra provincial <strong>\u201cNuestra Bandera\u201d<\/strong>, realizada en la Legislatura de C\u00f3rdoba y encabezada por la vicegobernadora <strong>Myrian Prunotto<\/strong>.<\/p>\n\n\n\n<p>La exposici\u00f3n, ubicada en el hall central de la Unicameral, re\u00fane las banderas oficiales de distintas localidades cordobesas que fueron creadas en el marco de este programa, como expresi\u00f3n de la historia, la cultura y la identidad de cada comunidad.<\/p>\n\n\n\n<p>Entre ellas, se encuentra con orgullo la <strong>Bandera Oficial de Morrison<\/strong>, un s\u00edmbolo que representa a nuestra localidad y que naci\u00f3 de la participaci\u00f3n y creatividad de nuestra propia comunidad.<\/p>\n\n\n\n<p>La presencia de nuestra bandera en esta muestra provincial adquiere un significado especial, ya que el pr\u00f3ximo <strong>9 de septiembre se cumplir\u00e1 el primer aniversario de su creaci\u00f3n como s\u00edmbolo oficial de Morrison<\/strong>.<\/p>\n\n\n\n<p>El dise\u00f1o fue realizado por <strong>Ian Turletti Fern\u00e1ndez<\/strong>, quien a tan solo 6 a\u00f1os logr\u00f3 plasmar en su propuesta distintos elementos representativos de nuestra comunidad, dando origen a una bandera que hoy nos identifica y nos une como pueblo.<\/p>\n\n\n\n<p>Desde la Municipalidad de Morrison celebramos que este s\u00edmbolo forme parte de una exposici\u00f3n que recorre la identidad de las comunidades cordobesas. Es, tambi\u00e9n, una oportunidad para <strong>llevar el nombre de Morrison a distintos espacios de la provincia y compartir con orgullo aquello que nos representa<\/strong>.<\/p>\n\n\n\n<p>Nuestra bandera es mucho m\u00e1s que un emblema: es parte de nuestra historia, de nuestro presente y de la identidad que seguimos construyendo entre todos.<\/p>\n\n\n\n<p><strong>Morrison tiene una bandera que naci\u00f3 de su gente y que hoy representa a toda la comunidad.<\/strong><\/p>\n\n\n<div class=\"wp-block-image\">\n<figure class=\"aligncenter size-full\"><img loading=\"lazy\" decoding=\"async\" width=\"600\" height=\"750\" src=\"https:\/\/morrison.gob.ar\/wp-content\/uploads\/2026\/08\/MORRIS-31-8-2.jpg\" alt=\"\" class=\"wp-image-1885\" srcset=\"https:\/\/morrison.gob.ar\/wp-content\/uploads\/2026\/08\/MORRIS-31-8-2.jpg 600w, https:\/\/morrison.gob.ar\/wp-content\/uploads\/2026\/08\/MORRIS-31-8-2-240x300.jpg 240w\" sizes=\"(max-width: 600px) 100vw, 600px\" \/><\/figure><\/div>","protected":false},"excerpt":{"rendered":"<p>El intendente de Morrison, Gustavo Reitano, junto a la presidenta del Honorable Concejo Deliberante, Rosita Gottardi, participaron de la inauguraci\u00f3n de la muestra provincial \u201cNuestra Bandera\u201d, realizada en la Legislatura de C\u00f3rdoba y encabezada por la vicegobernadora Myrian Prunotto. La exposici\u00f3n, ubicada en el hall central de la Unicameral, re\u00fane las banderas oficiales de distintas&#8230;<\/p>\n","protected":false},"author":3,"featured_media":1884,"comment_status":"closed","ping_status":"closed","sticky":false,"template":"","format":"standard","meta":{"footnotes":""},"categories":[1],"tags":[],"class_list":["post-1883","post","type-post","status-publish","format-standard","has-post-thumbnail","hentry","category-noticias"],"aioseo_notices":[],"aioseo_head":"\n\t\t<!-- All in One SEO 5.0.0.1 - aioseo.com -->\n\t<meta name=\"description\" content=\"El intendente de Morrison, Gustavo Reitano, junto a la presidenta del Honorable Concejo Deliberante, Rosita Gottardi, participaron de la inauguraci\u00f3n de la muestra provincial \u201cNuestra Bandera\u201d, realizada en la Legislatura de C\u00f3rdoba y encabezada por la vicegobernadora Myrian Prunotto. La exposici\u00f3n, ubicada en el hall central de la Unicameral, re\u00fane las banderas oficiales de distintas\" \/>\n\t<meta name=\"robots\" content=\"max-image-preview:large\" \/>\n\t<meta name=\"author\" content=\"Municipalidad de Morrison\"\/>\n\t<link rel=\"canonical\" href=\"https:\/\/morrison.gob.ar\/index.php\/2026\/08\/31\/nuestra-bandera-parte-de-la-identidad-de-morrison-y-de-cordoba\/\" \/>\n\t<meta name=\"generator\" content=\"All in One SEO (AIOSEO) 5.0.0.1\" \/>\n\t\t<meta property=\"og:locale\" content=\"es_ES\" \/>\n\t\t<meta property=\"og:site_name\" content=\"Municipalidad de Morrison - Municipalidad de Morrison - Departamento Union - C\u00f3rdoba\" \/>\n\t\t<meta property=\"og:type\" content=\"article\" \/>\n\t\t<meta property=\"og:title\" content=\"Nuestra Bandera, parte de la identidad de Morrison y de C\u00f3rdoba - Municipalidad de Morrison\" \/>\n\t\t<meta property=\"og:description\" content=\"El intendente de Morrison, Gustavo Reitano, junto a la presidenta del Honorable Concejo Deliberante, Rosita Gottardi, participaron de la inauguraci\u00f3n de la muestra provincial \u201cNuestra Bandera\u201d, realizada en la Legislatura de C\u00f3rdoba y encabezada por la vicegobernadora Myrian Prunotto. La exposici\u00f3n, ubicada en el hall central de la Unicameral, re\u00fane las banderas oficiales de distintas\" \/>\n\t\t<meta property=\"og:url\" content=\"https:\/\/morrison.gob.ar\/index.php\/2026\/08\/31\/nuestra-bandera-parte-de-la-identidad-de-morrison-y-de-cordoba\/\" \/>\n\t\t<meta property=\"og:image\" content=\"https:\/\/morrison.gob.ar\/wp-content\/uploads\/2023\/12\/logo-cabecera.png\" \/>\n\t\t<meta property=\"og:image:secure_url\" content=\"https:\/\/morrison.gob.ar\/wp-content\/uploads\/2023\/12\/logo-cabecera.png\" \/>\n\t\t<meta property=\"article:published_time\" content=\"2026-08-31T21:33:27+00:00\" \/>\n\t\t<meta property=\"article:modified_time\" content=\"2026-08-31T21:33:27+00:00\" \/>\n\t\t<meta name=\"twitter:card\" content=\"summary_large_image\" \/>\n\t\t<meta name=\"twitter:title\" content=\"Nuestra Bandera, parte de la identidad de Morrison y de C\u00f3rdoba - Municipalidad de Morrison\" \/>\n\t\t<meta name=\"twitter:description\" content=\"El intendente de Morrison, Gustavo Reitano, junto a la presidenta del Honorable Concejo Deliberante, Rosita Gottardi, participaron de la inauguraci\u00f3n de la muestra provincial \u201cNuestra Bandera\u201d, realizada en la Legislatura de C\u00f3rdoba y encabezada por la vicegobernadora Myrian Prunotto. La exposici\u00f3n, ubicada en el hall central de la Unicameral, re\u00fane las banderas oficiales de distintas\" \/>\n\t\t<meta name=\"twitter:image\" content=\"https:\/\/morrison.gob.ar\/wp-content\/uploads\/2023\/12\/logo-cabecera.png\" \/>\n\t\t<script type=\"application\/ld+json\" class=\"aioseo-schema\">\n\t\t\t{\"@context\":\"https:\\\/\\\/schema.org\",\"@graph\":[{\"@type\":\"BlogPosting\",\"@id\":\"https:\\\/\\\/morrison.gob.ar\\\/index.php\\\/2026\\\/08\\\/31\\\/nuestra-bandera-parte-de-la-identidad-de-morrison-y-de-cordoba\\\/#blogposting\",\"name\":\"Nuestra Bandera, parte de la identidad de Morrison y de C\\u00f3rdoba - Municipalidad de Morrison\",\"headline\":\"Nuestra Bandera, parte de la identidad de Morrison y de C\\u00f3rdoba\",\"author\":{\"@id\":\"https:\\\/\\\/morrison.gob.ar\\\/index.php\\\/author\\\/municipalidad\\\/#author\"},\"publisher\":{\"@id\":\"https:\\\/\\\/morrison.gob.ar\\\/#organization\"},\"image\":{\"@type\":\"ImageObject\",\"url\":\"https:\\\/\\\/morrison.gob.ar\\\/wp-content\\\/uploads\\\/2026\\\/08\\\/MORRIS-31-8-1.jpg\",\"width\":600,\"height\":614},\"datePublished\":\"2026-08-31T18:33:27-03:00\",\"dateModified\":\"2026-08-31T18:33:27-03:00\",\"inLanguage\":\"es-ES\",\"mainEntityOfPage\":{\"@id\":\"https:\\\/\\\/morrison.gob.ar\\\/index.php\\\/2026\\\/08\\\/31\\\/nuestra-bandera-parte-de-la-identidad-de-morrison-y-de-cordoba\\\/#webpage\"},\"isPartOf\":{\"@id\":\"https:\\\/\\\/morrison.gob.ar\\\/index.php\\\/2026\\\/08\\\/31\\\/nuestra-bandera-parte-de-la-identidad-de-morrison-y-de-cordoba\\\/#webpage\"},\"articleSection\":\"Noticias\"},{\"@type\":\"BreadcrumbList\",\"@id\":\"https:\\\/\\\/morrison.gob.ar\\\/index.php\\\/2026\\\/08\\\/31\\\/nuestra-bandera-parte-de-la-identidad-de-morrison-y-de-cordoba\\\/#breadcrumblist\",\"itemListElement\":[{\"@type\":\"ListItem\",\"@id\":\"https:\\\/\\\/morrison.gob.ar#listItem\",\"position\":1,\"name\":\"Home\",\"item\":\"https:\\\/\\\/morrison.gob.ar\",\"nextItem\":{\"@type\":\"ListItem\",\"@id\":\"https:\\\/\\\/morrison.gob.ar\\\/index.php\\\/category\\\/noticias\\\/#listItem\",\"name\":\"Noticias\"}},{\"@type\":\"ListItem\",\"@id\":\"https:\\\/\\\/morrison.gob.ar\\\/index.php\\\/category\\\/noticias\\\/#listItem\",\"position\":2,\"name\":\"Noticias\",\"item\":\"https:\\\/\\\/morrison.gob.ar\\\/index.php\\\/category\\\/noticias\\\/\",\"nextItem\":{\"@type\":\"ListItem\",\"@id\":\"https:\\\/\\\/morrison.gob.ar\\\/index.php\\\/2026\\\/08\\\/31\\\/nuestra-bandera-parte-de-la-identidad-de-morrison-y-de-cordoba\\\/#listItem\",\"name\":\"Nuestra Bandera, parte de la identidad de Morrison y de C\\u00f3rdoba\"},\"previousItem\":{\"@type\":\"ListItem\",\"@id\":\"https:\\\/\\\/morrison.gob.ar#listItem\",\"name\":\"Home\"}},{\"@type\":\"ListItem\",\"@id\":\"https:\\\/\\\/morrison.gob.ar\\\/index.php\\\/2026\\\/08\\\/31\\\/nuestra-bandera-parte-de-la-identidad-de-morrison-y-de-cordoba\\\/#listItem\",\"position\":3,\"name\":\"Nuestra Bandera, parte de la identidad de Morrison y de C\\u00f3rdoba\",\"previousItem\":{\"@type\":\"ListItem\",\"@id\":\"https:\\\/\\\/morrison.gob.ar\\\/index.php\\\/category\\\/noticias\\\/#listItem\",\"name\":\"Noticias\"}}]},{\"@type\":\"Organization\",\"@id\":\"https:\\\/\\\/morrison.gob.ar\\\/#organization\",\"name\":\"morrison.gob.ar\",\"description\":\"Municipalidad de Morrison - Departamento Union - C\\u00f3rdoba\",\"url\":\"https:\\\/\\\/morrison.gob.ar\\\/\",\"logo\":{\"@type\":\"ImageObject\",\"url\":\"https:\\\/\\\/morrison.gob.ar\\\/wp-content\\\/uploads\\\/2023\\\/12\\\/logo-cabecera.png\",\"@id\":\"https:\\\/\\\/morrison.gob.ar\\\/index.php\\\/2026\\\/08\\\/31\\\/nuestra-bandera-parte-de-la-identidad-de-morrison-y-de-cordoba\\\/#organizationLogo\",\"width\":520,\"height\":200,\"caption\":\"Municipalidad de Morrison\"},\"image\":{\"@id\":\"https:\\\/\\\/morrison.gob.ar\\\/index.php\\\/2026\\\/08\\\/31\\\/nuestra-bandera-parte-de-la-identidad-de-morrison-y-de-cordoba\\\/#organizationLogo\"}},{\"@type\":\"Person\",\"@id\":\"https:\\\/\\\/morrison.gob.ar\\\/index.php\\\/author\\\/municipalidad\\\/#author\",\"url\":\"https:\\\/\\\/morrison.gob.ar\\\/index.php\\\/author\\\/municipalidad\\\/\",\"name\":\"Municipalidad de Morrison\",\"image\":{\"@type\":\"ImageObject\",\"@id\":\"https:\\\/\\\/morrison.gob.ar\\\/index.php\\\/2026\\\/08\\\/31\\\/nuestra-bandera-parte-de-la-identidad-de-morrison-y-de-cordoba\\\/#authorImage\",\"url\":\"https:\\\/\\\/secure.gravatar.com\\\/avatar\\\/8adec8bb49f6a6dc2c80e3096b231bb5?s=96&d=mm&r=g\",\"width\":96,\"height\":96,\"caption\":\"Municipalidad de Morrison\"}},{\"@type\":\"WebPage\",\"@id\":\"https:\\\/\\\/morrison.gob.ar\\\/index.php\\\/2026\\\/08\\\/31\\\/nuestra-bandera-parte-de-la-identidad-de-morrison-y-de-cordoba\\\/#webpage\",\"url\":\"https:\\\/\\\/morrison.gob.ar\\\/index.php\\\/2026\\\/08\\\/31\\\/nuestra-bandera-parte-de-la-identidad-de-morrison-y-de-cordoba\\\/\",\"name\":\"Nuestra Bandera, parte de la identidad de Morrison y de C\\u00f3rdoba - Municipalidad de Morrison\",\"description\":\"El intendente de Morrison, Gustavo Reitano, junto a la presidenta del Honorable Concejo Deliberante, Rosita Gottardi, participaron de la inauguraci\\u00f3n de la muestra provincial \\u201cNuestra Bandera\\u201d, realizada en la Legislatura de C\\u00f3rdoba y encabezada por la vicegobernadora Myrian Prunotto. La exposici\\u00f3n, ubicada en el hall central de la Unicameral, re\\u00fane las banderas oficiales de distintas\",\"inLanguage\":\"es-ES\",\"isPartOf\":{\"@id\":\"https:\\\/\\\/morrison.gob.ar\\\/#website\"},\"breadcrumb\":{\"@id\":\"https:\\\/\\\/morrison.gob.ar\\\/index.php\\\/2026\\\/08\\\/31\\\/nuestra-bandera-parte-de-la-identidad-de-morrison-y-de-cordoba\\\/#breadcrumblist\"},\"author\":{\"@id\":\"https:\\\/\\\/morrison.gob.ar\\\/index.php\\\/author\\\/municipalidad\\\/#author\"},\"creator\":{\"@id\":\"https:\\\/\\\/morrison.gob.ar\\\/index.php\\\/author\\\/municipalidad\\\/#author\"},\"image\":{\"@type\":\"ImageObject\",\"url\":\"https:\\\/\\\/morrison.gob.ar\\\/wp-content\\\/uploads\\\/2026\\\/08\\\/MORRIS-31-8-1.jpg\",\"@id\":\"https:\\\/\\\/morrison.gob.ar\\\/index.php\\\/2026\\\/08\\\/31\\\/nuestra-bandera-parte-de-la-identidad-de-morrison-y-de-cordoba\\\/#mainImage\",\"width\":600,\"height\":614},\"primaryImageOfPage\":{\"@id\":\"https:\\\/\\\/morrison.gob.ar\\\/index.php\\\/2026\\\/08\\\/31\\\/nuestra-bandera-parte-de-la-identidad-de-morrison-y-de-cordoba\\\/#mainImage\"},\"datePublished\":\"2026-08-31T18:33:27-03:00\",\"dateModified\":\"2026-08-31T18:33:27-03:00\"},{\"@type\":\"WebSite\",\"@id\":\"https:\\\/\\\/morrison.gob.ar\\\/#website\",\"url\":\"https:\\\/\\\/morrison.gob.ar\\\/\",\"name\":\"morrison.gob.ar\",\"description\":\"Municipalidad de Morrison - Departamento Union - C\\u00f3rdoba\",\"inLanguage\":\"es-ES\",\"publisher\":{\"@id\":\"https:\\\/\\\/morrison.gob.ar\\\/#organization\"}}]}\n\t\t<\/script>\n\t\t<!-- All in One SEO -->\n\n","aioseo_head_json":{"title":"Nuestra Bandera, parte de la identidad de Morrison y de C\u00f3rdoba - Municipalidad de Morrison","description":"El intendente de Morrison, Gustavo Reitano, junto a la presidenta del Honorable Concejo Deliberante, Rosita Gottardi, participaron de la inauguraci\u00f3n de la muestra provincial \u201cNuestra Bandera\u201d, realizada en la Legislatura de C\u00f3rdoba y encabezada por la vicegobernadora Myrian Prunotto. La exposici\u00f3n, ubicada en el hall central de la Unicameral, re\u00fane las banderas oficiales de distintas","canonical_url":"https:\/\/morrison.gob.ar\/index.php\/2026\/08\/31\/nuestra-bandera-parte-de-la-identidad-de-morrison-y-de-cordoba\/","robots":"max-image-preview:large","keywords":"","webmasterTools":{"miscellaneous":""},"schema":{"@context":"https:\/\/schema.org","@graph":[{"@type":"BlogPosting","@id":"https:\/\/morrison.gob.ar\/index.php\/2026\/08\/31\/nuestra-bandera-parte-de-la-identidad-de-morrison-y-de-cordoba\/#blogposting","name":"Nuestra Bandera, parte de la identidad de Morrison y de C\u00f3rdoba - Municipalidad de Morrison","headline":"Nuestra Bandera, parte de la identidad de Morrison y de C\u00f3rdoba","author":{"@id":"https:\/\/morrison.gob.ar\/index.php\/author\/municipalidad\/#author"},"publisher":{"@id":"https:\/\/morrison.gob.ar\/#organization"},"image":{"@type":"ImageObject","url":"https:\/\/morrison.gob.ar\/wp-content\/uploads\/2026\/08\/MORRIS-31-8-1.jpg","width":600,"height":614},"datePublished":"2026-08-31T18:33:27-03:00","dateModified":"2026-08-31T18:33:27-03:00","inLanguage":"es-ES","mainEntityOfPage":{"@id":"https:\/\/morrison.gob.ar\/index.php\/2026\/08\/31\/nuestra-bandera-parte-de-la-identidad-de-morrison-y-de-cordoba\/#webpage"},"isPartOf":{"@id":"https:\/\/morrison.gob.ar\/index.php\/2026\/08\/31\/nuestra-bandera-parte-de-la-identidad-de-morrison-y-de-cordoba\/#webpage"},"articleSection":"Noticias"},{"@type":"BreadcrumbList","@id":"https:\/\/morrison.gob.ar\/index.php\/2026\/08\/31\/nuestra-bandera-parte-de-la-identidad-de-morrison-y-de-cordoba\/#breadcrumblist","itemListElement":[{"@type":"ListItem","@id":"https:\/\/morrison.gob.ar#listItem","position":1,"name":"Home","item":"https:\/\/morrison.gob.ar","nextItem":{"@type":"ListItem","@id":"https:\/\/morrison.gob.ar\/index.php\/category\/noticias\/#listItem","name":"Noticias"}},{"@type":"ListItem","@id":"https:\/\/morrison.gob.ar\/index.php\/category\/noticias\/#listItem","position":2,"name":"Noticias","item":"https:\/\/morrison.gob.ar\/index.php\/category\/noticias\/","nextItem":{"@type":"ListItem","@id":"https:\/\/morrison.gob.ar\/index.php\/2026\/08\/31\/nuestra-bandera-parte-de-la-identidad-de-morrison-y-de-cordoba\/#listItem","name":"Nuestra Bandera, parte de la identidad de Morrison y de C\u00f3rdoba"},"previousItem":{"@type":"ListItem","@id":"https:\/\/morrison.gob.ar#listItem","name":"Home"}},{"@type":"ListItem","@id":"https:\/\/morrison.gob.ar\/index.php\/2026\/08\/31\/nuestra-bandera-parte-de-la-identidad-de-morrison-y-de-cordoba\/#listItem","position":3,"name":"Nuestra Bandera, parte de la identidad de Morrison y de C\u00f3rdoba","previousItem":{"@type":"ListItem","@id":"https:\/\/morrison.gob.ar\/index.php\/category\/noticias\/#listItem","name":"Noticias"}}]},{"@type":"Organization","@id":"https:\/\/morrison.gob.ar\/#organization","name":"morrison.gob.ar","description":"Municipalidad de Morrison - Departamento Union - C\u00f3rdoba","url":"https:\/\/morrison.gob.ar\/","logo":{"@type":"ImageObject","url":"https:\/\/morrison.gob.ar\/wp-content\/uploads\/2023\/12\/logo-cabecera.png","@id":"https:\/\/morrison.gob.ar\/index.php\/2026\/08\/31\/nuestra-bandera-parte-de-la-identidad-de-morrison-y-de-cordoba\/#organizationLogo","width":520,"height":200,"caption":"Municipalidad de Morrison"},"image":{"@id":"https:\/\/morrison.gob.ar\/index.php\/2026\/08\/31\/nuestra-bandera-parte-de-la-identidad-de-morrison-y-de-cordoba\/#organizationLogo"}},{"@type":"Person","@id":"https:\/\/morrison.gob.ar\/index.php\/author\/municipalidad\/#author","url":"https:\/\/morrison.gob.ar\/index.php\/author\/municipalidad\/","name":"Municipalidad de Morrison","image":{"@type":"ImageObject","@id":"https:\/\/morrison.gob.ar\/index.php\/2026\/08\/31\/nuestra-bandera-parte-de-la-identidad-de-morrison-y-de-cordoba\/#authorImage","url":"https:\/\/secure.gravatar.com\/avatar\/8adec8bb49f6a6dc2c80e3096b231bb5?s=96&d=mm&r=g","width":96,"height":96,"caption":"Municipalidad de Morrison"}},{"@type":"WebPage","@id":"https:\/\/morrison.gob.ar\/index.php\/2026\/08\/31\/nuestra-bandera-parte-de-la-identidad-de-morrison-y-de-cordoba\/#webpage","url":"https:\/\/morrison.gob.ar\/index.php\/2026\/08\/31\/nuestra-bandera-parte-de-la-identidad-de-morrison-y-de-cordoba\/","name":"Nuestra Bandera, parte de la identidad de Morrison y de C\u00f3rdoba - Municipalidad de Morrison","description":"El intendente de Morrison, Gustavo Reitano, junto a la presidenta del Honorable Concejo Deliberante, Rosita Gottardi, participaron de la inauguraci\u00f3n de la muestra provincial \u201cNuestra Bandera\u201d, realizada en la Legislatura de C\u00f3rdoba y encabezada por la vicegobernadora Myrian Prunotto. La exposici\u00f3n, ubicada en el hall central de la Unicameral, re\u00fane las banderas oficiales de distintas","inLanguage":"es-ES","isPartOf":{"@id":"https:\/\/morrison.gob.ar\/#website"},"breadcrumb":{"@id":"https:\/\/morrison.gob.ar\/index.php\/2026\/08\/31\/nuestra-bandera-parte-de-la-identidad-de-morrison-y-de-cordoba\/#breadcrumblist"},"author":{"@id":"https:\/\/morrison.gob.ar\/index.php\/author\/municipalidad\/#author"},"creator":{"@id":"https:\/\/morrison.gob.ar\/index.php\/author\/municipalidad\/#author"},"image":{"@type":"ImageObject","url":"https:\/\/morrison.gob.ar\/wp-content\/uploads\/2026\/08\/MORRIS-31-8-1.jpg","@id":"https:\/\/morrison.gob.ar\/index.php\/2026\/08\/31\/nuestra-bandera-parte-de-la-identidad-de-morrison-y-de-cordoba\/#mainImage","width":600,"height":614},"primaryImageOfPage":{"@id":"https:\/\/morrison.gob.ar\/index.php\/2026\/08\/31\/nuestra-bandera-parte-de-la-identidad-de-morrison-y-de-cordoba\/#mainImage"},"datePublished":"2026-08-31T18:33:27-03:00","dateModified":"2026-08-31T18:33:27-03:00"},{"@type":"WebSite","@id":"https:\/\/morrison.gob.ar\/#website","url":"https:\/\/morrison.gob.ar\/","name":"morrison.gob.ar","description":"Municipalidad de Morrison - Departamento Union - C\u00f3rdoba","inLanguage":"es-ES","publisher":{"@id":"https:\/\/morrison.gob.ar\/#organization"}}]},"og:locale":"es_ES","og:site_name":"Municipalidad de Morrison - Municipalidad de Morrison - Departamento Union - C\u00f3rdoba","og:type":"article","og:title":"Nuestra Bandera, parte de la identidad de Morrison y de C\u00f3rdoba - Municipalidad de Morrison","og:description":"El intendente de Morrison, Gustavo Reitano, junto a la presidenta del Honorable Concejo Deliberante, Rosita Gottardi, participaron de la inauguraci\u00f3n de la muestra provincial \u201cNuestra Bandera\u201d, realizada en la Legislatura de C\u00f3rdoba y encabezada por la vicegobernadora Myrian Prunotto. La exposici\u00f3n, ubicada en el hall central de la Unicameral, re\u00fane las banderas oficiales de distintas","og:url":"https:\/\/morrison.gob.ar\/index.php\/2026\/08\/31\/nuestra-bandera-parte-de-la-identidad-de-morrison-y-de-cordoba\/","og:image":"https:\/\/morrison.gob.ar\/wp-content\/uploads\/2023\/12\/logo-cabecera.png","og:image:secure_url":"https:\/\/morrison.gob.ar\/wp-content\/uploads\/2023\/12\/logo-cabecera.png","article:published_time":"2026-08-31T21:33:27+00:00","article:modified_time":"2026-08-31T21:33:27+00:00","twitter:card":"summary_large_image","twitter:title":"Nuestra Bandera, parte de la identidad de Morrison y de C\u00f3rdoba - Municipalidad de Morrison","twitter:description":"El intendente de Morrison, Gustavo Reitano, junto a la presidenta del Honorable Concejo Deliberante, Rosita Gottardi, participaron de la inauguraci\u00f3n de la muestra provincial \u201cNuestra Bandera\u201d, realizada en la Legislatura de C\u00f3rdoba y encabezada por la vicegobernadora Myrian Prunotto. La exposici\u00f3n, ubicada en el hall central de la Unicameral, re\u00fane las banderas oficiales de distintas","twitter:image":"https:\/\/morrison.gob.ar\/wp-content\/uploads\/2023\/12\/logo-cabecera.png"},"aioseo_meta_data":{"post_id":"1883","title":null,"description":null,"keywords":null,"keyphrases":{"focus":{"keyphrase":"","score":0,"analysis":{"keyphraseInTitle":{"score":0,"maxScore":9,"error":1}}},"additional":[]},"primary_term":null,"canonical_url":null,"og_title":null,"og_description":null,"og_object_type":"default","og_image_type":"default","og_image_url":null,"og_image_width":null,"og_image_height":null,"og_image_custom_url":null,"og_image_custom_fields":null,"og_video":"","og_custom_url":null,"og_article_section":null,"og_article_tags":null,"twitter_use_og":false,"twitter_card":"default","twitter_image_type":"default","twitter_image_url":null,"twitter_image_custom_url":null,"twitter_image_custom_fields":null,"twitter_title":null,"twitter_description":null,"schema":{"blockGraphs":[],"customGraphs":[],"default":{"data":{"Article":[],"Course":[],"Dataset":[],"FAQPage":[],"Movie":[],"Person":[],"Product":[],"ProductReview":[],"Car":[],"Recipe":[],"Service":[],"SoftwareApplication":[],"WebPage":[]},"graphName":"BlogPosting","isEnabled":true},"graphs":[]},"schema_type":"default","schema_type_options":null,"pillar_content":false,"robots_default":true,"robots_noindex":false,"robots_noarchive":false,"robots_nosnippet":false,"robots_nofollow":false,"robots_noimageindex":false,"robots_noodp":false,"robots_notranslate":false,"robots_max_snippet":"-1","robots_max_videopreview":"-1","robots_max_imagepreview":"large","priority":null,"frequency":"default","local_seo":null,"breadcrumb_settings":null,"limit_modified_date":false,"ai":{"faqs":[],"keyPoints":[],"schemas":[],"titles":[],"descriptions":[],"socialPosts":{"email":{"subject":"","preview":"","content":""},"linkedin":[],"twitter":[],"facebook":[],"instagram":[]}},"created":"2026-08-31 21:33:27","updated":"2026-08-31 22:02:07","seo_analyzer_scan_date":null,"focus_keyword":null,"additional_keywords":null,"truseo_locale":null},"aioseo_breadcrumb":"<div class=\"aioseo-breadcrumbs\"><span class=\"aioseo-breadcrumb\">\n\t\t\t<a href=\"https:\/\/morrison.gob.ar\" title=\"Home\">Home<\/a>\n\t\t<\/span><span class=\"aioseo-breadcrumb-separator\">&raquo;<\/span><span class=\"aioseo-breadcrumb\">\n\t\t\t<a href=\"https:\/\/morrison.gob.ar\/index.php\/category\/noticias\/\" title=\"Noticias\">Noticias<\/a>\n\t\t<\/span><span class=\"aioseo-breadcrumb-separator\">&raquo;<\/span><span class=\"aioseo-breadcrumb\">\n\t\t\tNuestra Bandera, parte de la identidad de Morrison y de C\u00f3rdoba\n\t\t<\/span><\/div>","aioseo_breadcrumb_json":[{"label":"Home","link":"https:\/\/morrison.gob.ar"},{"label":"Noticias","link":"https:\/\/morrison.gob.ar\/index.php\/category\/noticias\/"},{"label":"Nuestra Bandera, parte de la identidad de Morrison y de C\u00f3rdoba","link":"https:\/\/morrison.gob.ar\/index.php\/2026\/08\/31\/nuestra-bandera-parte-de-la-identidad-de-morrison-y-de-cordoba\/"}],"_links":{"self":[{"href":"https:\/\/morrison.gob.ar\/index.php\/wp-json\/wp\/v2\/posts\/1883"}],"collection":[{"href":"https:\/\/morrison.gob.ar\/index.php\/wp-json\/wp\/v2\/posts"}],"about":[{"href":"https:\/\/morrison.gob.ar\/index.php\/wp-json\/wp\/v2\/types\/post"}],"author":[{"embeddable":true,"href":"https:\/\/morrison.gob.ar\/index.php\/wp-json\/wp\/v2\/users\/3"}],"replies":[{"embeddable":true,"href":"https:\/\/morrison.gob.ar\/index.php\/wp-json\/wp\/v2\/comments?post=1883"}],"version-history":[{"count":1,"href":"https:\/\/morrison.gob.ar\/index.php\/wp-json\/wp\/v2\/posts\/1883\/revisions"}],"predecessor-version":[{"id":1886,"href":"https:\/\/morrison.gob.ar\/index.php\/wp-json\/wp\/v2\/posts\/1883\/revisions\/1886"}],"wp:featuredmedia":[{"embeddable":true,"href":"https:\/\/morrison.gob.ar\/index.php\/wp-json\/wp\/v2\/media\/1884"}],"wp:attachment":[{"href":"https:\/\/morrison.gob.ar\/index.php\/wp-json\/wp\/v2\/media?parent=1883"}],"wp:term":[{"taxonomy":"category","embeddable":true,"href":"https:\/\/morrison.gob.ar\/index.php\/wp-json\/wp\/v2\/categories?post=1883"},{"taxonomy":"post_tag","embeddable":true,"href":"https:\/\/morrison.gob.ar\/index.php\/wp-json\/wp\/v2\/tags?post=1883"}],"curies":[{"name":"wp","href":"https:\/\/api.w.org\/{rel}","templated":true}]}}